{"id":593,"global_id":"uepsanjudastadeo.org?id=593","global_id_lineage":["uepsanjudastadeo.org?id=593"],"author":"1","status":"publish","date":"2021-02-10 19:02:12","date_utc":"2021-02-10 23:02:12","modified":"2021-02-10 19:02:13","modified_utc":"2021-02-10 23:02:13","url":"https:\/\/uepsanjudastadeo.org\/index.php\/event\/dia-de-la-juventud\/","rest_url":"https:\/\/uepsanjudastadeo.org\/index.php\/wp-json\/tribe\/events\/v1\/events\/593","title":"D\u00eda de la Juventud","description":"<div class=\"tribe-events-schedule tribe-clearfix\">\n\t<h2 class=\"tribe-events-schedule__datetime\">\n\t\t<span class=\"tribe-events-schedule__date tribe-events-schedule__date--start\">\n\t\t\t\t\t<\/span>\n\n\t\t\t\t\t<span class=\"tribe-events-schedule__separator tribe-events-schedule__separator--date\">\n\t\t\t\t @ \t\t\t<\/span>\n\t\t\t<span class=\"tribe-events-schedule__time tribe-events-schedule__time--start\">\n\t\t\t\t\t\t\t<\/span>\n\t\t\n\t\t\t<\/h2>\n<\/div>\n\n\n\n<div class=\"wp-block-image\"><figure class=\"aligncenter size-large\"><img loading=\"lazy\" width=\"800\" height=\"1000\" src=\"https:\/\/uepsanjudastadeo.org\/wp-content\/uploads\/2021\/02\/WhatsApp-Image-2021-02-10-at-4.52.17-PM.jpeg\" alt=\"\" class=\"wp-image-595\" srcset=\"https:\/\/uepsanjudastadeo.org\/wp-content\/uploads\/2021\/02\/WhatsApp-Image-2021-02-10-at-4.52.17-PM.jpeg 800w, https:\/\/uepsanjudastadeo.org\/wp-content\/uploads\/2021\/02\/WhatsApp-Image-2021-02-10-at-4.52.17-PM-240x300.jpeg 240w, https:\/\/uepsanjudastadeo.org\/wp-content\/uploads\/2021\/02\/WhatsApp-Image-2021-02-10-at-4.52.17-PM-768x960.jpeg 768w\" sizes=\"(max-width: 800px) 100vw, 800px\" \/><\/figure><\/div>\n\n\n\n<p class=\"has-text-align-center\">Venezuela celebra cada a\u00f1o el d\u00eda de la Juventud, en honor a todos los j\u00f3venes que acompa\u00f1aron a Jos\u00e9 F\u00e9lix Ribas y Vicente Campo El\u00edas durante la Batalla de La Victoria, el 12 de febrero de 1814.<\/p>\n\n\n<div class=\"tribe-block tribe-block__event-price\">\n\t\t<\/div>\n\n\n\n\n<div class=\"tribe-block tribe-block__venue \">\n\t\n\t\t\n\t<\/div>\n\n\n\n\n\t<div class=\"tribe-block tribe-block__events-link\">\n\t\t\t\t\t<div class=\"tribe-block__btn--link tribe-block__events-gcal\">\n\t\t\t\t<a\n\t\t\t\t\thref=\"\"\n\t\t\t\t\ttitle=\"A\u00f1adir a Google Calendar\"\n\t\t\t\t>\n\t\t\t\t\t<img src=\"https:\/\/uepsanjudastadeo.org\/wp-content\/plugins\/the-events-calendar\/common\/src\/modules\/icons\/link.svg\" \/>\n\t\t\t\t\tGoogle Calendar\t\t\t\t<\/a>\n\t\t\t<\/div>\n\t\t\t\t\t\t\t<div class=\"tribe-block__btn--link tribe-block__-events-ical\">\n\t\t\t\t<a\n\t\t\t\t\thref=\"\/?ical=1\"\n\t\t\t\t\ttitle=\"Descargar archivo .ics\"\n\t\t\t\t>\n\t\t\t\t\t<img src=\"https:\/\/uepsanjudastadeo.org\/wp-content\/plugins\/the-events-calendar\/common\/src\/modules\/icons\/link.svg\" \/>\n\t\t\t\t\tExportaci\u00f3n de iCal\t\t\t\t<\/a>\n\t\t\t<\/div>\n\t\t\t<\/div>","excerpt":"","slug":"dia-de-la-juventud","image":false,"all_day":false,"start_date":"2021-02-12 08:00:00","start_date_details":{"year":"2021","month":"02","day":"12","hour":"08","minutes":"00","seconds":"00"},"end_date":"2021-02-12 12:00:00","end_date_details":{"year":"2021","month":"02","day":"12","hour":"12","minutes":"00","seconds":"00"},"utc_start_date":"2021-02-12 12:00:00","utc_start_date_details":{"year":"2021","month":"02","day":"12","hour":"12","minutes":"00","seconds":"00"},"utc_end_date":"2021-02-12 16:00:00","utc_end_date_details":{"year":"2021","month":"02","day":"12","hour":"16","minutes":"00","seconds":"00"},"timezone":"America\/Caracas","timezone_abbr":"","cost":"","cost_details":{"currency_symbol":"$","currency_position":"prefix","values":[]},"website":"","show_map":true,"show_map_link":true,"hide_from_listings":false,"sticky":false,"featured":false,"categories":[],"tags":[],"venue":[],"organizer":[],"json_ld":{"@context":"http:\/\/schema.org","@type":"Event","name":"D\u00eda de la Juventud","description":"&lt;p&gt;Venezuela celebra cada a\u00f1o el d\u00eda de la Juventud, en honor a todos los j\u00f3venes que acompa\u00f1aron a Jos\u00e9 F\u00e9lix Ribas y Vicente Campo El\u00edas durante la Batalla de La &hellip;&lt;\/p&gt;\\n&lt;p class=&quot;read-more&quot;&gt; &lt;a class=&quot;&quot; href=&quot;https:\/\/uepsanjudastadeo.org\/index.php\/event\/dia-de-la-juventud\/&quot;&gt; &lt;span class=&quot;screen-reader-text&quot;&gt;D\u00eda de la Juventud&lt;\/span&gt; Leer m\u00e1s &raquo;&lt;\/a&gt;&lt;\/p&gt;\\n","url":"https:\/\/uepsanjudastadeo.org\/index.php\/event\/dia-de-la-juventud\/","startDate":"2021-02-12T08:00:00-04:00","endDate":"2021-02-12T12:00:00-04:00","performer":"Organization"}}